{"id":2724,"date":"2019-09-11T11:18:40","date_gmt":"2019-09-11T09:18:40","guid":{"rendered":"http:\/\/www.philix.be\/luss\/?p=2724"},"modified":"2019-09-11T11:23:21","modified_gmt":"2019-09-11T09:23:21","slug":"probleme-dimportation-dans-divi","status":"publish","type":"post","link":"https:\/\/www.philix.be\/luss\/probleme-dimportation-dans-divi\/","title":{"rendered":"Probl\u00e8me d&rsquo;importation dans Divi"},"content":{"rendered":"\t\t<div data-elementor-type=\"wp-post\" data-elementor-id=\"2724\" class=\"elementor elementor-2724\">\n\t\t\t\t\t\t<section class=\"elementor-section elementor-top-section elementor-element elementor-element-3554aa1 elementor-section-boxed elementor-section-height-default elementor-section-height-default\" data-id=\"3554aa1\" data-element_type=\"section\" data-e-type=\"section\">\n\t\t\t\t\t\t<div class=\"elementor-container elementor-column-gap-default\">\n\t\t\t\t\t<div class=\"elementor-column elementor-col-100 elementor-top-column elementor-element elementor-element-073199a\" data-id=\"073199a\" data-element_type=\"column\" data-e-type=\"column\">\n\t\t\t<div class=\"elementor-widget-wrap elementor-element-populated\">\n\t\t\t\t\t\t<div class=\"elementor-element elementor-element-483d4cf elementor-widget elementor-widget-text-editor\" data-id=\"483d4cf\" data-element_type=\"widget\" data-e-type=\"widget\" data-widget_type=\"text-editor.default\">\n\t\t\t\t<div class=\"elementor-widget-container\">\n\t\t\t\t\t\t\t\t\t<p>Parfois, lorsque vous d\u00e9marrez l&rsquo;importation d&rsquo;une mise en page \u00e0 partir d&rsquo;un autre site (ou du m\u00eame site), un message d&rsquo;erreur comme celui-ci s&rsquo;affiche.<\/p><div><img fetchpriority=\"high\" decoding=\"async\" src=\"https:\/\/downloads.intercomcdn.com\/i\/o\/94583292\/ab81e1f482755c53552ba5bc\/image.png\" alt=\"divi import erreur\" width=\"394\" height=\"420\" \/><\/div><p><b>Raison<\/b>\u00a0: chaque mise en page export\u00e9e est affect\u00e9e \u00e0 l&rsquo;un de ces 2 contextes:<\/p><ol><li><b>et_builder_layouts &#8211;<\/b>\u00a0Pour une mise en page export\u00e9e de Divi &gt; Biblioth\u00e8que.<\/li><li><b>et_builder &#8211;<\/b>\u00a0Pour une mise en page export\u00e9e depuis une page \/ un message individuel<\/li><\/ol><p>Les mises en page export\u00e9es de <b>Divi &gt; Biblioth\u00e8que <\/b>ne peuvent \u00eatre import\u00e9es que dans<b> la\u00a0<\/b><span style=\"font-weight: bold; font-family: Roboto, sans-serif; font-size: 15px; font-style: normal; font-variant-ligatures: normal; font-variant-caps: normal;\"><span style=\"font-size: 15px;\">Biblioth\u00e8que\u00a0<\/span><\/span><b>.\u00a0<\/b>\u00a0<br \/>Ceux export\u00e9s depuis un <b>article <\/b>ou une <b>page <\/b>individuelle ne peuvent \u00eatre import\u00e9s que dans une <b>page <\/b>ou un <b>article<\/b>.<\/p><p><b>Solution<\/b>\u00a0:<\/p><ol><li>Si vous voyez cette erreur lors de l&rsquo;importation de la mise en page sur une\u00a0<b>page individuelle<\/b>\u00a0, vous pouvez aller dans Divi &gt; Biblioth\u00e8que, importer la mise en page d&rsquo;abord, puis importer la mise en page nouvellement import\u00e9e \u00e0 partir de Divi Library sur votre page.<\/li><li>Si vous voyez l&rsquo;erreur lors de l&rsquo;importation de la pr\u00e9sentation dans\u00a0<b>Divi Library<\/b>\u00a0, vous pouvez simplement cr\u00e9er une nouvelle page et importer la pr\u00e9sentation l\u00e0-bas au lieu de l&rsquo;importer dans la biblioth\u00e8que. Si vous souhaitez l&rsquo;enregistrer pour une utilisation ult\u00e9rieure, vous pouvez l&rsquo;enregistrer dans la biblioth\u00e8que Divi. \u00e0 partir de votre page nouvellement cr\u00e9\u00e9e.<\/li><\/ol>\t\t\t\t\t\t\t\t<\/div>\n\t\t\t\t<\/div>\n\t\t\t\t\t<\/div>\n\t\t<\/div>\n\t\t\t\t\t<\/div>\n\t\t<\/section>\n\t\t\t\t<\/div>\n\t\t","protected":false},"excerpt":{"rendered":"<p>Parfois, lorsque vous d\u00e9marrez l&rsquo;importation d&rsquo;une mise en page \u00e0 partir d&rsquo;un autre site (ou du m\u00eame site), un message d&rsquo;erreur comme celui-ci s&rsquo;affiche. Raison\u00a0: chaque mise en page export\u00e9e est affect\u00e9e \u00e0 l&rsquo;un de ces 2 contextes: et_builder_layouts &#8211;\u00a0Pour<\/p>\n","protected":false},"author":1,"featured_media":0,"comment_status":"closed","ping_status":"closed","sticky":false,"template":"","format":"standard","meta":{"footnotes":""},"categories":[4],"tags":[],"class_list":["post-2724","post","type-post","status-publish","format-standard","hentry","category-info"],"yoast_head":"<!-- This site is optimized with the Yoast SEO plugin v27.5 - https:\/\/yoast.com\/product\/yoast-seo-wordpress\/ -->\n<title>Probl\u00e8me d&#039;importation dans Divi - WPLUSS<\/title>\n<meta name=\"robots\" content=\"index, follow, max-snippet:-1, max-image-preview:large, max-video-preview:-1\" \/>\n<link rel=\"canonical\" href=\"https:\/\/www.philix.be\/luss\/probleme-dimportation-dans-divi\/\" \/>\n<meta property=\"og:locale\" content=\"fr_FR\" \/>\n<meta property=\"og:type\" content=\"article\" \/>\n<meta property=\"og:title\" content=\"Probl\u00e8me d&#039;importation dans Divi - WPLUSS\" \/>\n<meta property=\"og:description\" content=\"Parfois, lorsque vous d\u00e9marrez l&rsquo;importation d&rsquo;une mise en page \u00e0 partir d&rsquo;un autre site (ou du m\u00eame site), un message d&rsquo;erreur comme celui-ci s&rsquo;affiche. Raison\u00a0: chaque mise en page export\u00e9e est affect\u00e9e \u00e0 l&rsquo;un de ces 2 contextes: et_builder_layouts &#8211;\u00a0Pour\" \/>\n<meta property=\"og:url\" content=\"https:\/\/www.philix.be\/luss\/probleme-dimportation-dans-divi\/\" \/>\n<meta property=\"og:site_name\" content=\"WPLUSS\" \/>\n<meta property=\"article:published_time\" content=\"2019-09-11T09:18:40+00:00\" \/>\n<meta property=\"article:modified_time\" content=\"2019-09-11T09:23:21+00:00\" \/>\n<meta property=\"og:image\" content=\"https:\/\/downloads.intercomcdn.com\/i\/o\/94583292\/ab81e1f482755c53552ba5bc\/image.png\" \/>\n<meta name=\"author\" content=\"Plerix\" \/>\n<meta name=\"twitter:card\" content=\"summary_large_image\" \/>\n<meta name=\"twitter:label1\" content=\"\u00c9crit par\" \/>\n\t<meta name=\"twitter:data1\" content=\"Plerix\" \/>\n\t<meta name=\"twitter:label2\" content=\"Dur\u00e9e de lecture estim\u00e9e\" \/>\n\t<meta name=\"twitter:data2\" content=\"1 minute\" \/>\n<script type=\"application\/ld+json\" class=\"yoast-schema-graph\">{\"@context\":\"https:\\\/\\\/schema.org\",\"@graph\":[{\"@type\":\"Article\",\"@id\":\"https:\\\/\\\/www.philix.be\\\/luss\\\/probleme-dimportation-dans-divi\\\/#article\",\"isPartOf\":{\"@id\":\"https:\\\/\\\/www.philix.be\\\/luss\\\/probleme-dimportation-dans-divi\\\/\"},\"author\":{\"name\":\"Plerix\",\"@id\":\"https:\\\/\\\/www.philix.be\\\/luss\\\/#\\\/schema\\\/person\\\/ec5965a7f3bb188abf819e2307bdfe36\"},\"headline\":\"Probl\u00e8me d&rsquo;importation dans Divi\",\"datePublished\":\"2019-09-11T09:18:40+00:00\",\"dateModified\":\"2019-09-11T09:23:21+00:00\",\"mainEntityOfPage\":{\"@id\":\"https:\\\/\\\/www.philix.be\\\/luss\\\/probleme-dimportation-dans-divi\\\/\"},\"wordCount\":228,\"publisher\":{\"@id\":\"https:\\\/\\\/www.philix.be\\\/luss\\\/#organization\"},\"image\":{\"@id\":\"https:\\\/\\\/www.philix.be\\\/luss\\\/probleme-dimportation-dans-divi\\\/#primaryimage\"},\"thumbnailUrl\":\"https:\\\/\\\/downloads.intercomcdn.com\\\/i\\\/o\\\/94583292\\\/ab81e1f482755c53552ba5bc\\\/image.png\",\"articleSection\":[\"Info\"],\"inLanguage\":\"fr-FR\"},{\"@type\":\"WebPage\",\"@id\":\"https:\\\/\\\/www.philix.be\\\/luss\\\/probleme-dimportation-dans-divi\\\/\",\"url\":\"https:\\\/\\\/www.philix.be\\\/luss\\\/probleme-dimportation-dans-divi\\\/\",\"name\":\"Probl\u00e8me d'importation dans Divi - WPLUSS\",\"isPartOf\":{\"@id\":\"https:\\\/\\\/www.philix.be\\\/luss\\\/#website\"},\"primaryImageOfPage\":{\"@id\":\"https:\\\/\\\/www.philix.be\\\/luss\\\/probleme-dimportation-dans-divi\\\/#primaryimage\"},\"image\":{\"@id\":\"https:\\\/\\\/www.philix.be\\\/luss\\\/probleme-dimportation-dans-divi\\\/#primaryimage\"},\"thumbnailUrl\":\"https:\\\/\\\/downloads.intercomcdn.com\\\/i\\\/o\\\/94583292\\\/ab81e1f482755c53552ba5bc\\\/image.png\",\"datePublished\":\"2019-09-11T09:18:40+00:00\",\"dateModified\":\"2019-09-11T09:23:21+00:00\",\"inLanguage\":\"fr-FR\",\"potentialAction\":[{\"@type\":\"ReadAction\",\"target\":[\"https:\\\/\\\/www.philix.be\\\/luss\\\/probleme-dimportation-dans-divi\\\/\"]}]},{\"@type\":\"ImageObject\",\"inLanguage\":\"fr-FR\",\"@id\":\"https:\\\/\\\/www.philix.be\\\/luss\\\/probleme-dimportation-dans-divi\\\/#primaryimage\",\"url\":\"https:\\\/\\\/downloads.intercomcdn.com\\\/i\\\/o\\\/94583292\\\/ab81e1f482755c53552ba5bc\\\/image.png\",\"contentUrl\":\"https:\\\/\\\/downloads.intercomcdn.com\\\/i\\\/o\\\/94583292\\\/ab81e1f482755c53552ba5bc\\\/image.png\"},{\"@type\":\"WebSite\",\"@id\":\"https:\\\/\\\/www.philix.be\\\/luss\\\/#website\",\"url\":\"https:\\\/\\\/www.philix.be\\\/luss\\\/\",\"name\":\"WPLUSS\",\"description\":\"Les sites de Ph\u00a1l\u00a1x\",\"publisher\":{\"@id\":\"https:\\\/\\\/www.philix.be\\\/luss\\\/#organization\"},\"potentialAction\":[{\"@type\":\"SearchAction\",\"target\":{\"@type\":\"EntryPoint\",\"urlTemplate\":\"https:\\\/\\\/www.philix.be\\\/luss\\\/?s={search_term_string}\"},\"query-input\":{\"@type\":\"PropertyValueSpecification\",\"valueRequired\":true,\"valueName\":\"search_term_string\"}}],\"inLanguage\":\"fr-FR\"},{\"@type\":\"Organization\",\"@id\":\"https:\\\/\\\/www.philix.be\\\/luss\\\/#organization\",\"name\":\"WPLUSS\",\"url\":\"https:\\\/\\\/www.philix.be\\\/luss\\\/\",\"logo\":{\"@type\":\"ImageObject\",\"inLanguage\":\"fr-FR\",\"@id\":\"https:\\\/\\\/www.philix.be\\\/luss\\\/#\\\/schema\\\/logo\\\/image\\\/\",\"url\":\"https:\\\/\\\/www.philix.be\\\/luss\\\/wp-content\\\/uploads\\\/sites\\\/3\\\/2017\\\/03\\\/cropped-wordpress-1415678_960_720-e1489930624872-1.png\",\"contentUrl\":\"https:\\\/\\\/www.philix.be\\\/luss\\\/wp-content\\\/uploads\\\/sites\\\/3\\\/2017\\\/03\\\/cropped-wordpress-1415678_960_720-e1489930624872-1.png\",\"width\":100,\"height\":100,\"caption\":\"WPLUSS\"},\"image\":{\"@id\":\"https:\\\/\\\/www.philix.be\\\/luss\\\/#\\\/schema\\\/logo\\\/image\\\/\"}},{\"@type\":\"Person\",\"@id\":\"https:\\\/\\\/www.philix.be\\\/luss\\\/#\\\/schema\\\/person\\\/ec5965a7f3bb188abf819e2307bdfe36\",\"name\":\"Plerix\",\"image\":{\"@type\":\"ImageObject\",\"inLanguage\":\"fr-FR\",\"@id\":\"https:\\\/\\\/secure.gravatar.com\\\/avatar\\\/337b900c7c6eef754f29620079e343986d20b0e04e47f4a8c13d74bf4fe6c357?s=96&r=g\",\"url\":\"https:\\\/\\\/secure.gravatar.com\\\/avatar\\\/337b900c7c6eef754f29620079e343986d20b0e04e47f4a8c13d74bf4fe6c357?s=96&r=g\",\"contentUrl\":\"https:\\\/\\\/secure.gravatar.com\\\/avatar\\\/337b900c7c6eef754f29620079e343986d20b0e04e47f4a8c13d74bf4fe6c357?s=96&r=g\",\"caption\":\"Plerix\"},\"sameAs\":[\"https:\\\/\\\/www.philix.be\"]}]}<\/script>\n<!-- \/ Yoast SEO plugin. -->","yoast_head_json":{"title":"Probl\u00e8me d'importation dans Divi - WPLUSS","robots":{"index":"index","follow":"follow","max-snippet":"max-snippet:-1","max-image-preview":"max-image-preview:large","max-video-preview":"max-video-preview:-1"},"canonical":"https:\/\/www.philix.be\/luss\/probleme-dimportation-dans-divi\/","og_locale":"fr_FR","og_type":"article","og_title":"Probl\u00e8me d'importation dans Divi - WPLUSS","og_description":"Parfois, lorsque vous d\u00e9marrez l&rsquo;importation d&rsquo;une mise en page \u00e0 partir d&rsquo;un autre site (ou du m\u00eame site), un message d&rsquo;erreur comme celui-ci s&rsquo;affiche. Raison\u00a0: chaque mise en page export\u00e9e est affect\u00e9e \u00e0 l&rsquo;un de ces 2 contextes: et_builder_layouts &#8211;\u00a0Pour","og_url":"https:\/\/www.philix.be\/luss\/probleme-dimportation-dans-divi\/","og_site_name":"WPLUSS","article_published_time":"2019-09-11T09:18:40+00:00","article_modified_time":"2019-09-11T09:23:21+00:00","og_image":[{"url":"https:\/\/downloads.intercomcdn.com\/i\/o\/94583292\/ab81e1f482755c53552ba5bc\/image.png","type":"","width":"","height":""}],"author":"Plerix","twitter_card":"summary_large_image","twitter_misc":{"\u00c9crit par":"Plerix","Dur\u00e9e de lecture estim\u00e9e":"1 minute"},"schema":{"@context":"https:\/\/schema.org","@graph":[{"@type":"Article","@id":"https:\/\/www.philix.be\/luss\/probleme-dimportation-dans-divi\/#article","isPartOf":{"@id":"https:\/\/www.philix.be\/luss\/probleme-dimportation-dans-divi\/"},"author":{"name":"Plerix","@id":"https:\/\/www.philix.be\/luss\/#\/schema\/person\/ec5965a7f3bb188abf819e2307bdfe36"},"headline":"Probl\u00e8me d&rsquo;importation dans Divi","datePublished":"2019-09-11T09:18:40+00:00","dateModified":"2019-09-11T09:23:21+00:00","mainEntityOfPage":{"@id":"https:\/\/www.philix.be\/luss\/probleme-dimportation-dans-divi\/"},"wordCount":228,"publisher":{"@id":"https:\/\/www.philix.be\/luss\/#organization"},"image":{"@id":"https:\/\/www.philix.be\/luss\/probleme-dimportation-dans-divi\/#primaryimage"},"thumbnailUrl":"https:\/\/downloads.intercomcdn.com\/i\/o\/94583292\/ab81e1f482755c53552ba5bc\/image.png","articleSection":["Info"],"inLanguage":"fr-FR"},{"@type":"WebPage","@id":"https:\/\/www.philix.be\/luss\/probleme-dimportation-dans-divi\/","url":"https:\/\/www.philix.be\/luss\/probleme-dimportation-dans-divi\/","name":"Probl\u00e8me d'importation dans Divi - WPLUSS","isPartOf":{"@id":"https:\/\/www.philix.be\/luss\/#website"},"primaryImageOfPage":{"@id":"https:\/\/www.philix.be\/luss\/probleme-dimportation-dans-divi\/#primaryimage"},"image":{"@id":"https:\/\/www.philix.be\/luss\/probleme-dimportation-dans-divi\/#primaryimage"},"thumbnailUrl":"https:\/\/downloads.intercomcdn.com\/i\/o\/94583292\/ab81e1f482755c53552ba5bc\/image.png","datePublished":"2019-09-11T09:18:40+00:00","dateModified":"2019-09-11T09:23:21+00:00","inLanguage":"fr-FR","potentialAction":[{"@type":"ReadAction","target":["https:\/\/www.philix.be\/luss\/probleme-dimportation-dans-divi\/"]}]},{"@type":"ImageObject","inLanguage":"fr-FR","@id":"https:\/\/www.philix.be\/luss\/probleme-dimportation-dans-divi\/#primaryimage","url":"https:\/\/downloads.intercomcdn.com\/i\/o\/94583292\/ab81e1f482755c53552ba5bc\/image.png","contentUrl":"https:\/\/downloads.intercomcdn.com\/i\/o\/94583292\/ab81e1f482755c53552ba5bc\/image.png"},{"@type":"WebSite","@id":"https:\/\/www.philix.be\/luss\/#website","url":"https:\/\/www.philix.be\/luss\/","name":"WPLUSS","description":"Les sites de Ph\u00a1l\u00a1x","publisher":{"@id":"https:\/\/www.philix.be\/luss\/#organization"},"potentialAction":[{"@type":"SearchAction","target":{"@type":"EntryPoint","urlTemplate":"https:\/\/www.philix.be\/luss\/?s={search_term_string}"},"query-input":{"@type":"PropertyValueSpecification","valueRequired":true,"valueName":"search_term_string"}}],"inLanguage":"fr-FR"},{"@type":"Organization","@id":"https:\/\/www.philix.be\/luss\/#organization","name":"WPLUSS","url":"https:\/\/www.philix.be\/luss\/","logo":{"@type":"ImageObject","inLanguage":"fr-FR","@id":"https:\/\/www.philix.be\/luss\/#\/schema\/logo\/image\/","url":"https:\/\/www.philix.be\/luss\/wp-content\/uploads\/sites\/3\/2017\/03\/cropped-wordpress-1415678_960_720-e1489930624872-1.png","contentUrl":"https:\/\/www.philix.be\/luss\/wp-content\/uploads\/sites\/3\/2017\/03\/cropped-wordpress-1415678_960_720-e1489930624872-1.png","width":100,"height":100,"caption":"WPLUSS"},"image":{"@id":"https:\/\/www.philix.be\/luss\/#\/schema\/logo\/image\/"}},{"@type":"Person","@id":"https:\/\/www.philix.be\/luss\/#\/schema\/person\/ec5965a7f3bb188abf819e2307bdfe36","name":"Plerix","image":{"@type":"ImageObject","inLanguage":"fr-FR","@id":"https:\/\/secure.gravatar.com\/avatar\/337b900c7c6eef754f29620079e343986d20b0e04e47f4a8c13d74bf4fe6c357?s=96&r=g","url":"https:\/\/secure.gravatar.com\/avatar\/337b900c7c6eef754f29620079e343986d20b0e04e47f4a8c13d74bf4fe6c357?s=96&r=g","contentUrl":"https:\/\/secure.gravatar.com\/avatar\/337b900c7c6eef754f29620079e343986d20b0e04e47f4a8c13d74bf4fe6c357?s=96&r=g","caption":"Plerix"},"sameAs":["https:\/\/www.philix.be"]}]}},"_links":{"self":[{"href":"https:\/\/www.philix.be\/luss\/wp-json\/wp\/v2\/posts\/2724","targetHints":{"allow":["GET"]}}],"collection":[{"href":"https:\/\/www.philix.be\/luss\/wp-json\/wp\/v2\/posts"}],"about":[{"href":"https:\/\/www.philix.be\/luss\/wp-json\/wp\/v2\/types\/post"}],"author":[{"embeddable":true,"href":"https:\/\/www.philix.be\/luss\/wp-json\/wp\/v2\/users\/1"}],"replies":[{"embeddable":true,"href":"https:\/\/www.philix.be\/luss\/wp-json\/wp\/v2\/comments?post=2724"}],"version-history":[{"count":0,"href":"https:\/\/www.philix.be\/luss\/wp-json\/wp\/v2\/posts\/2724\/revisions"}],"wp:attachment":[{"href":"https:\/\/www.philix.be\/luss\/wp-json\/wp\/v2\/media?parent=2724"}],"wp:term":[{"taxonomy":"category","embeddable":true,"href":"https:\/\/www.philix.be\/luss\/wp-json\/wp\/v2\/categories?post=2724"},{"taxonomy":"post_tag","embeddable":true,"href":"https:\/\/www.philix.be\/luss\/wp-json\/wp\/v2\/tags?post=2724"}],"curies":[{"name":"wp","href":"https:\/\/api.w.org\/{rel}","templated":true}]}}